{"id":12893,"date":"2026-09-01T11:56:52","date_gmt":"2026-09-01T15:56:52","guid":{"rendered":"https:\/\/www.odq.qc.ca\/?p=12893"},"modified":"2026-09-01T11:56:55","modified_gmt":"2026-09-01T15:56:55","slug":"elections-au-ca-3","status":"publish","type":"post","link":"https:\/\/www.odq.qc.ca\/en\/actualites\/elections-au-ca-3\/","title":{"rendered":"\u00c9lections au CA"},"content":{"rendered":"\n<p>La p\u00e9riode de mise en candidature a d\u00e9but\u00e9 aujourd\u2019hui, et ce, afin de combler six postes d&#8217;administrateurs (un poste par r\u00e9gion) au conseil d\u2019administration de l\u2019Ordre dans les six r\u00e9gions suivantes :<\/p>\n\n\n\n<ul class=\"wp-block-list\">\n<li>Bas-Saint-Laurent, Saguenay\u2013Lac-Saint-Jean, C\u00f4te-Nord, Gasp\u00e9sie\u2013\u00celes-de-la-Madeleine et Chaudi\u00e8re-Appalaches (r\u00e9gion 1);<\/li>\n\n\n\n<li>Mauricie, Centre-du-Qu\u00e9bec et Estrie (r\u00e9gion 3);<\/li>\n\n\n\n<li>Outaouais, Abitibi-T\u00e9miscamingue et Nord-du-Qu\u00e9bec (r\u00e9gion 5);<\/li>\n\n\n\n<li>Lanaudi\u00e8re et Laurentides (r\u00e9gion 7);<\/li>\n\n\n\n<li>Mont\u00e9r\u00e9gie (MRC Acton, La Haute-Yamaska, Brome-Missisquoi, Pierre-De Saurel, Les Maskoutains, Rouville, Le Haut-Richelieu, Vaudreuil-Soulanges, Beauharnois-Salaberry, Le Haut-Saint-Laurent, Roussillon et Les Jardins-de-Napierville) (r\u00e9gion 8);<\/li>\n\n\n\n<li>Mont\u00e9r\u00e9gie (MRC Marguerite-D\u2019Youville et La Vall\u00e9e-du-Richelieu et agglom\u00e9ration de Longueuil) (r\u00e9gion 9).<\/li>\n<\/ul>\n\n\n\n<p>Pour poser leur candidature dans l\u2019une des six r\u00e9gions \u00e9lectorales \u00e0 pourvoir, les dentistes \u00e9ligibles doivent avoir leur adresse principale de pratique dans cette r\u00e9gion et soumettre leur bulletin de pr\u00e9sentation d\u00fbment rempli \u00e0 la secr\u00e9taire substitut au plus tard le <strong>25 septembre 2026, \u00e0 16 h<\/strong>.<\/p>\n\n\n\n<h2 class=\"wp-block-heading is-style-small\"><strong>Ne manquez pas cette chance de vous engager!<\/strong><\/h2>\n\n\n\n<p>Si\u00e9ger comme administrateur au CA de l\u2019Ordre est une exp\u00e9rience enrichissante et l\u2019occasion de mettre \u00e0 profit vos comp\u00e9tences afin de prot\u00e9ger la population et de promouvoir une m\u00e9decine dentaire moderne et de qualit\u00e9.<\/p>\n\n\n\n<p>Saisissez cette opportunit\u00e9! Pour plus d&#8217;information ou pour soumettre votre candidature, visitez la page <a href=\"https:\/\/www.odq.qc.ca\/lordre\/lorganisation\/gouvernance\/elections-au-ca-2\/\">\u00c9lections au CA<\/a>.<\/p>\n\n\n\n<p><\/p>\n\n\n\n<p><\/p>\n","protected":false},"excerpt":{"rendered":"<p>La p\u00e9riode de mise en candidature a d\u00e9but\u00e9 aujourd\u2019hui, et ce, afin de combler six postes d&#8217;administrateurs (un poste par r\u00e9gion) au conseil d\u2019administration de l\u2019Ordre dans les six r\u00e9gions suivantes : Pour poser leur candidature dans l\u2019une des six r\u00e9gions \u00e9lectorales \u00e0 pourvoir, les dentistes \u00e9ligibles doivent avoir leur adresse principale de pratique dans&hellip;<\/p>\n","protected":false},"author":90,"featured_media":12896,"comment_status":"closed","ping_status":"open","sticky":false,"template":"","format":"standard","meta":{"_acf_changed":false,"_relevanssi_hide_post":"","_relevanssi_hide_content":"","_relevanssi_pin_for_all":"","_relevanssi_pin_keywords":"","_relevanssi_unpin_keywords":"","_relevanssi_related_keywords":"","_relevanssi_related_include_ids":"","_relevanssi_related_exclude_ids":"","_relevanssi_related_no_append":"","_relevanssi_related_not_related":"","_relevanssi_related_posts":"7910,7089,6947,5457,8155,8456","_relevanssi_noindex_reason":"","sync_status":"","episode_type":"","audio_file":"","podmotor_file_id":"","podmotor_episode_id":"","castos_file_data":"","cover_image":"","cover_image_id":"","duration":"","filesize":"","filesize_raw":"","date_recorded":"","explicit":"","block":"","wpo365_audiences":[],"wpo365_private":false,"footnotes":""},"categories":[68],"tags":[],"class_list":["post-12893","post","type-post","status-publish","format-standard","has-post-thumbnail","hentry","category-gouvernance"],"acf":[],"_links":{"self":[{"href":"https:\/\/www.odq.qc.ca\/en\/wp-json\/wp\/v2\/posts\/12893","targetHints":{"allow":["GET"]}}],"collection":[{"href":"https:\/\/www.odq.qc.ca\/en\/wp-json\/wp\/v2\/posts"}],"about":[{"href":"https:\/\/www.odq.qc.ca\/en\/wp-json\/wp\/v2\/types\/post"}],"author":[{"embeddable":true,"href":"https:\/\/www.odq.qc.ca\/en\/wp-json\/wp\/v2\/users\/90"}],"replies":[{"embeddable":true,"href":"https:\/\/www.odq.qc.ca\/en\/wp-json\/wp\/v2\/comments?post=12893"}],"version-history":[{"count":1,"href":"https:\/\/www.odq.qc.ca\/en\/wp-json\/wp\/v2\/posts\/12893\/revisions"}],"predecessor-version":[{"id":12900,"href":"https:\/\/www.odq.qc.ca\/en\/wp-json\/wp\/v2\/posts\/12893\/revisions\/12900"}],"wp:featuredmedia":[{"embeddable":true,"href":"https:\/\/www.odq.qc.ca\/en\/wp-json\/wp\/v2\/media\/12896"}],"wp:attachment":[{"href":"https:\/\/www.odq.qc.ca\/en\/wp-json\/wp\/v2\/media?parent=12893"}],"wp:term":[{"taxonomy":"category","embeddable":true,"href":"https:\/\/www.odq.qc.ca\/en\/wp-json\/wp\/v2\/categories?post=12893"},{"taxonomy":"post_tag","embeddable":true,"href":"https:\/\/www.odq.qc.ca\/en\/wp-json\/wp\/v2\/tags?post=12893"}],"curies":[{"name":"wp","href":"https:\/\/api.w.org\/{rel}","templated":true}]}}